{
    "title": "Prezydent Ukrainy nada\u0142 Order Za Zas\u0142ugi Mateuszowi Wodzi\u0144skiemu (Exen) za akcj\u0119 \u201eTeren\u00f3wki na front\u201d",
    "modified_at": "2026-02-26 11:36:08",
    "published_at": "2026-02-26 11:36:00",
    "url": "https://pomagam-pl.prezly.com/prezydent-ukrainy-nadal-order-za-zaslugi-mateuszowi-wodzinskiemu-exen-za-akcje-terenowki-na-front",
    "short_url": "http://prez.ly/q37d",
    "culture": "pl_PL",
    "language": "PL",
    "subtitle": "Mateusz \u201eExen\u201d Wodzi\u0144ski z Orderem Za Zas\u0142ugi od Prezydenta Ukrainy.  Tw\u00f3rca akcji \u201eTeren\u00f3wki na front\u201d dzi\u0119ki zbi\u00f3rce pieni\u0119dzy na Pomagam.pl dostarczy\u0142 372 auta. W 4. rocznic\u0119 wojny Kij\u00f3w doceni\u0142 r\u00f3wnie\u017c Rados\u0142awa Sikorskiego i Micha\u0142a Przedlackiego.",
    "slug": "prezydent-ukrainy-nadal-order-za-zaslugi-mateuszowi-wodzinskiemu-exen-za-akcje-terenowki-na-front",
    "body": "<p>Warszawa, 26.02.2026</p>\n    <figure\n        class=\"release-content-image release-content-image--contained release-content-image--align-center\"\n        data-component=\"image-zoom-popup\"\n        data-image-zoom-popup-selector=\".release-content-image__image\"\n        data-image-zoom-popup-i18n=\"data:application/json;base64,eyJEb3dubG9hZCI6IkRvd25sb2FkIn0=\"\n        data-image-zoom-popup-tracking-views-event=\"Story Image View\"\n        data-image-zoom-popup-tracking-download-event=\"Story Image Download\"\n        data-image-zoom-popup-placement=\"content\"\n    >\n        <div class=\"image-thumbnail-rollover\" style=\"width: 100%\">\n            <img\n                src=\"https://cdn.uc.assets.prezly.com/a82a8bb1-f18d-4919-87ff-e2282d646a25/-/resize/1200x/-/format/auto/\"\n                                class=\"release-content-image__image image-thumbnail-rollover__image\"\n                data-description=\"Mateusz &amp;quot;Exen&amp;quot; Wodzi\u0144ski podczas przekazana teren&amp;oacute;wki Ukrainie.\"\n                id=\"image-a82a8bb1-f18d-4919-87ff-e2282d646a25\"\n                data-id=\"a82a8bb1-f18d-4919-87ff-e2282d646a25\"\n                data-original=\"https://cdn.uc.assets.prezly.com/a82a8bb1-f18d-4919-87ff-e2282d646a25/-/inline/no/Exen_Tereno%CC%81wki+na+Front.jpeg\"\n                data-mfp-src=\"https://cdn.uc.assets.prezly.com/a82a8bb1-f18d-4919-87ff-e2282d646a25/-/resize/1200x/-/format/auto/\"\n                alt=\"Mateusz \"Exen\" Wodzi\u0144ski podczas przekazana teren\u00f3wki Ukrainie.\"\n            />\n            <div class=\"image-thumbnail-rollover__caption\">\n                <svg class=\"icon icon-expand image-thumbnail-rollover__caption-icon\">\n                <use xlink:href=\"#icon-expand\"></use>\n            </svg>            </div>\n        </div>\n\n        <figcaption class=\"release-content-image__caption\">Mateusz &quot;Exen&quot; Wodzi\u0144ski podczas przekazana teren&oacute;wki Ukrainie.</figcaption>\n    </figure>\n<p style=\"text-align: justify\">Wok&oacute;\u0142 czwartej rocznicy wybuchu wojny w Ukrainie, Prezydent Wo\u0142odymyr Ze\u0142enski podpisa\u0142 dekret o nadaniu odznacze\u0144 pa\u0144stwowych dla os&oacute;b szczeg&oacute;lnie zas\u0142u\u017conych we wspieraniu obronno\u015bci i suwerenno\u015bci kraju (<a href=\"https://www.president.gov.ua/documents/1342026-58469\"><u>Dekret nr 134/2026</u></a>). W\u015br&oacute;d uhonorowanych znalaz\u0142 si\u0119 <strong>Mateusz Wodzi\u0144ski, znany szerzej jako Exen, za akcj\u0119 &bdquo;Teren&oacute;wki na front&rdquo;</strong>. Prezydent Ukrainy nada\u0142 mu &ldquo;Order Za Zas\u0142ugi&rdquo; III stopnia. </p><p style=\"text-align: justify\">- <em>Dla takich wieczornych wiadomo\u015bci warto by\u0142o tam je\u017adzi\u0107 przez te 4 lata. To tak naprawd\u0119 order dla was wszystkich wspieraj\u0105cych mnie w tej wielkie podr&oacute;\u017cy</em> - pisze Exen na X. \u200b </p>\n    <figure\n        class=\"release-content-image release-content-image--contained release-content-image--align-center\"\n        data-component=\"image-zoom-popup\"\n        data-image-zoom-popup-selector=\".release-content-image__image\"\n        data-image-zoom-popup-i18n=\"data:application/json;base64,eyJEb3dubG9hZCI6IkRvd25sb2FkIn0=\"\n        data-image-zoom-popup-tracking-views-event=\"Story Image View\"\n        data-image-zoom-popup-tracking-download-event=\"Story Image Download\"\n        data-image-zoom-popup-placement=\"content\"\n    >\n        <div class=\"image-thumbnail-rollover\" style=\"width: 100%\">\n            <img\n                src=\"https://cdn.uc.assets.prezly.com/f2732f3a-73c5-4bc9-813f-c5f5aa2c8ff6/-/format/auto/\"\n                                class=\"release-content-image__image image-thumbnail-rollover__image\"\n                data-description=\"\u0179r&amp;oacute;d\u0142o: &lt;a href=&quot;https://x.com/Exen/status/2026724597509280067&quot;&gt;&lt;u&gt;https://x.com/Exen/status/2026724597509280067&lt;/u&gt;&lt;/a&gt;\"\n                id=\"image-f2732f3a-73c5-4bc9-813f-c5f5aa2c8ff6\"\n                data-id=\"f2732f3a-73c5-4bc9-813f-c5f5aa2c8ff6\"\n                data-original=\"https://cdn.uc.assets.prezly.com/f2732f3a-73c5-4bc9-813f-c5f5aa2c8ff6/-/inline/no/Wpis+Exena+na+X.png\"\n                data-mfp-src=\"https://cdn.uc.assets.prezly.com/f2732f3a-73c5-4bc9-813f-c5f5aa2c8ff6/-/format/auto/\"\n                alt=\"\u0179r\u00f3d\u0142o:  https://x.com/Exen/status/2026724597509280067 \"\n            />\n            <div class=\"image-thumbnail-rollover__caption\">\n                <svg class=\"icon icon-expand image-thumbnail-rollover__caption-icon\">\n                <use xlink:href=\"#icon-expand\"></use>\n            </svg>            </div>\n        </div>\n\n        <figcaption class=\"release-content-image__caption\">\u0179r&oacute;d\u0142o: <a href=\"https://x.com/Exen/status/2026724597509280067\"><u>https://x.com/Exen/status/2026724597509280067</u></a></figcaption>\n    </figure>\n<p style=\"text-align: justify\">To, co zacz\u0119\u0142o si\u0119 od ch\u0119ci przekazania swojej Suzuki Grand Vitary, przerodzi\u0142o si\u0119 w jedn\u0105 z najbardziej rozpoznawalnych inicjatyw pomocowych tej wojny. Exen przez ostatnie cztery lata zebra\u0142 <strong>ponad 8,7 mln z\u0142otych w ramach zbi&oacute;rki crowdfundingowej na Pomagam.pl, kt&oacute;r\u0105 wspar\u0142o 22 tys. os&oacute;b</strong>. Do tej pory przekaza\u0142 ju\u017c <strong>372 samochody w ramach 150 misji </strong>w Ukrainie. Wszystkie samochody osobi\u015bcie kupuje i dostarcza, a na stronie zbi&oacute;rki oraz X zdaje relacje z ka\u017cdego wyjazdu. </p><p style=\"text-align: justify\">- <em>Jestem bardzo dumny z tego odznaczenia od prezydenta Ukrainy. To pokazuje, \u017ce nasz polski wk\u0142ad jest widoczny i doceniany na Ukrainie. Platforma Pomagam.pl wspiera moj\u0105 akcj\u0119 od samego pocz\u0105tku, bez tego wsparcia nie uda\u0142oby si\u0119 zawie\u017a\u0107 ponad 370 teren&oacute;wek na front przez te 4 lata</em> - m&oacute;wi Mateusz Wodzi\u0144ski, Exen. </p>\n    <figure\n        class=\"release-content-image release-content-image--contained release-content-image--align-center\"\n        data-component=\"image-zoom-popup\"\n        data-image-zoom-popup-selector=\".release-content-image__image\"\n        data-image-zoom-popup-i18n=\"data:application/json;base64,eyJEb3dubG9hZCI6IkRvd25sb2FkIn0=\"\n        data-image-zoom-popup-tracking-views-event=\"Story Image View\"\n        data-image-zoom-popup-tracking-download-event=\"Story Image Download\"\n        data-image-zoom-popup-placement=\"content\"\n    >\n        <div class=\"image-thumbnail-rollover\" style=\"width: 100%\">\n            <img\n                src=\"https://cdn.uc.assets.prezly.com/c8df4689-9b05-462c-850e-026814a50008/-/resize/1200x/-/format/auto/\"\n                                    srcset=\"https://cdn.uc.assets.prezly.com/c8df4689-9b05-462c-850e-026814a50008/-/resize/1200x/-/format/auto/ 1x, https://cdn.uc.assets.prezly.com/c8df4689-9b05-462c-850e-026814a50008/-/resize/2400x/-/format/auto/ 2x\"\n                                class=\"release-content-image__image image-thumbnail-rollover__image\"\n                data-description=\"Zbi&amp;oacute;rka &amp;quot;Teren&amp;oacute;wki na front&amp;quot; Exena na Pomagam.pl\"\n                id=\"image-c8df4689-9b05-462c-850e-026814a50008\"\n                data-id=\"c8df4689-9b05-462c-850e-026814a50008\"\n                data-original=\"https://cdn.uc.assets.prezly.com/c8df4689-9b05-462c-850e-026814a50008/-/inline/no/Tereno%CC%81wki+na+Front_zbio%CC%81rka.png\"\n                data-mfp-src=\"https://cdn.uc.assets.prezly.com/c8df4689-9b05-462c-850e-026814a50008/-/resize/1200x/-/format/auto/\"\n                alt=\"Zbi\u00f3rka \"Teren\u00f3wki na front\" Exena na Pomagam.pl\"\n            />\n            <div class=\"image-thumbnail-rollover__caption\">\n                <svg class=\"icon icon-expand image-thumbnail-rollover__caption-icon\">\n                <use xlink:href=\"#icon-expand\"></use>\n            </svg>            </div>\n        </div>\n\n        <figcaption class=\"release-content-image__caption\">Zbi&oacute;rka &quot;Teren&oacute;wki na front&quot; Exena na Pomagam.pl</figcaption>\n    </figure>\n<p style=\"text-align: justify\">W\u015br&oacute;d odznaczonych Exen nie jest jedynym Polakiem, co jeszcze mocniej podkre\u015bla rang\u0119 polsko-ukrai\u0144skiego partnerstwa. Order Ksi\u0119cia Jaros\u0142awa M\u0105drego II stopnia otrzyma\u0142 wicepremier i minister spraw zagranicznych <strong>Rados\u0142aw Sikorski</strong>, kt&oacute;ry wielokrotnie wspiera\u0142 dzia\u0142ania Exena, r&oacute;wnie\u017c osobi\u015bcie uczestnicz\u0105c w przekazywaniu samochod&oacute;w. Obok Wodzi\u0144skiego, Orderem &bdquo;Za Zas\u0142ugi&rdquo; zosta\u0142 uhonorowany tak\u017ce <strong>Micha\u0142 Przedlacki </strong>&ndash; ceniony reporter wojenny. </p>\n    <figure\n        class=\"release-content-image release-content-image--contained release-content-image--align-center\"\n        data-component=\"image-zoom-popup\"\n        data-image-zoom-popup-selector=\".release-content-image__image\"\n        data-image-zoom-popup-i18n=\"data:application/json;base64,eyJEb3dubG9hZCI6IkRvd25sb2FkIn0=\"\n        data-image-zoom-popup-tracking-views-event=\"Story Image View\"\n        data-image-zoom-popup-tracking-download-event=\"Story Image Download\"\n        data-image-zoom-popup-placement=\"content\"\n    >\n        <div class=\"image-thumbnail-rollover\" style=\"width: 100%\">\n            <img\n                src=\"https://cdn.uc.assets.prezly.com/10b8302d-bb6a-4e35-82d3-cdc6baa53f8a/-/resize/1200x/-/format/auto/\"\n                                class=\"release-content-image__image image-thumbnail-rollover__image\"\n                data-description=\"Mateusz Wodzi\u0144ski (Exen) z Rados\u0142awem Sikorskim w Ukrainie podczas misji przekazania teren&amp;oacute;wek. \"\n                id=\"image-10b8302d-bb6a-4e35-82d3-cdc6baa53f8a\"\n                data-id=\"10b8302d-bb6a-4e35-82d3-cdc6baa53f8a\"\n                data-original=\"https://cdn.uc.assets.prezly.com/10b8302d-bb6a-4e35-82d3-cdc6baa53f8a/-/inline/no/Exen+i+Rados%C5%82aw+Sikorski.jpeg\"\n                data-mfp-src=\"https://cdn.uc.assets.prezly.com/10b8302d-bb6a-4e35-82d3-cdc6baa53f8a/-/resize/1200x/-/format/auto/\"\n                alt=\"Mateusz Wodzi\u0144ski (Exen) z Rados\u0142awem Sikorskim w Ukrainie podczas misji przekazania teren\u00f3wek. \"\n            />\n            <div class=\"image-thumbnail-rollover__caption\">\n                <svg class=\"icon icon-expand image-thumbnail-rollover__caption-icon\">\n                <use xlink:href=\"#icon-expand\"></use>\n            </svg>            </div>\n        </div>\n\n        <figcaption class=\"release-content-image__caption\">Mateusz Wodzi\u0144ski (Exen) z Rados\u0142awem Sikorskim w Ukrainie podczas misji przekazania teren&oacute;wek. </figcaption>\n    </figure>\n<p>Mimo presti\u017cowego wyr&oacute;\u017cnienia, Mateusz Wodzi\u0144ski nie zamierza zwalnia\u0107 tempa. Jak zauwa\u017ca, u progu pi\u0105tego roku wojny <strong>zbieranie \u015brodk&oacute;w jest trudniejsze, podczas gdy potrzeby armii w zakresie mobilno\u015bci rosn\u0105.</strong> \u200b Akcja nadal trwa, a ka\u017cdy mo\u017ce do\u0142o\u017cy\u0107 swoj\u0105 cegie\u0142k\u0119 do kolejnego transportu teren&oacute;wek, kt&oacute;re realnie ratuj\u0105 \u017cycie na froncie oraz zapewniaj\u0105 \u017co\u0142nierzom niezb\u0119dn\u0105 mobilno\u015b\u0107 i mo\u017cliwo\u015b\u0107 ewakuacji. \u200b </p><p><strong>Zbi&oacute;rka Teren&oacute;wki na front Exena: </strong><a href=\"https://pomagam.pl/4x4dlaukrainy\"><u><strong>https://pomagam.pl/4x4dlaukrainy</strong></u></a><strong> </strong></p><p>&nbsp;</p><p>Komunikat prasowy do pobrania:</p><a href='https://cdn.uc.assets.prezly.com/6ae035ed-5ba6-46aa-8386-86d701d5a82f/-/inline/no/prezydent-ukrainy-nadal-order-za-zaslugi-mateuszowi-wodzinskiemu-exen-za-akcje-terenowki-na-front-informacja-prasowa.pdf' class='release-content-attachment' id='attachment-6ae035ed-5ba6-46aa-8386-86d701d5a82f' data-type='attachment' data-track='Story File Download' data-placement='content' data-id='6ae035ed-5ba6-46aa-8386-86d701d5a82f'>\n    <span class='release-content-attachment__icon'>\n        <svg class=\"icon icon-download\">\n                <use xlink:href=\"#icon-download\"></use>\n            </svg>\n    </span>\n    <span class='release-content-attachment__details'>\n        <strong class='release-content-attachment__title'>Prezydent Ukrainy nada\u0142 Order Za Zas\u0142ugi Mateuszowi Wodzin\u0301skiemu (Exen) za akcje\u0328 Tereno\u0301wki na front _ Informacja Prasowa.pdf</strong>\n        <em class='release-content-attachment__subtitle'>3 MB</em>\n    </span>\n</a><a href='https://cdn.uc.assets.prezly.com/7183fd12-0dd1-409f-8631-b28db58c43ad/-/inline/no/prezydent-ukrainy-nadal-order-za-zaslugi-mateuszowi-wodzinskiemu-exen-za-akcje-terenowki-na-front-informacja-prasowa.docx' class='release-content-attachment' id='attachment-7183fd12-0dd1-409f-8631-b28db58c43ad' data-type='attachment' data-track='Story File Download' data-placement='content' data-id='7183fd12-0dd1-409f-8631-b28db58c43ad'>\n    <span class='release-content-attachment__icon'>\n        <svg class=\"icon icon-download\">\n                <use xlink:href=\"#icon-download\"></use>\n            </svg>\n    </span>\n    <span class='release-content-attachment__details'>\n        <strong class='release-content-attachment__title'>Prezydent Ukrainy nada\u0142 Order Za Zas\u0142ugi Mateuszowi Wodzin\u0301skiemu (Exen) za akcje\u0328 Tereno\u0301wki na front _ Informacja Prasowa.docx</strong>\n        <em class='release-content-attachment__subtitle'>3 MB</em>\n    </span>\n</a><p>&nbsp;</p>",
    "images": [
        {
            "caption": "Mateusz \"Exen\" Wodzi\u0144ski podczas przekazana teren\u00f3wki Ukrainie.",
            "original": "https://cdn.uc.assets.prezly.com/a82a8bb1-f18d-4919-87ff-e2282d646a25/",
            "medium": "https://cdn.uc.assets.prezly.com/a82a8bb1-f18d-4919-87ff-e2282d646a25/-/preview/500x500/-/format/auto/",
            "small": "https://cdn.uc.assets.prezly.com/a82a8bb1-f18d-4919-87ff-e2282d646a25/-/preview/200x200/-/format/auto/",
            "thumbnail": "https://cdn.uc.assets.prezly.com/a82a8bb1-f18d-4919-87ff-e2282d646a25/-/preview/100x100/-/format/auto/",
            "square": "https://cdn.uc.assets.prezly.com/a82a8bb1-f18d-4919-87ff-e2282d646a25/-/scale_crop/200x200/center/-/format/auto/",
            "squaresmall": "https://cdn.uc.assets.prezly.com/a82a8bb1-f18d-4919-87ff-e2282d646a25/-/scale_crop/58x58/center/-/format/auto/"
        },
        {
            "caption": "\u0179r\u00f3d\u0142o:  https://x.com/Exen/status/2026724597509280067 ",
            "original": "https://cdn.uc.assets.prezly.com/f2732f3a-73c5-4bc9-813f-c5f5aa2c8ff6/",
            "medium": "https://cdn.uc.assets.prezly.com/f2732f3a-73c5-4bc9-813f-c5f5aa2c8ff6/-/preview/500x500/-/format/auto/",
            "small": "https://cdn.uc.assets.prezly.com/f2732f3a-73c5-4bc9-813f-c5f5aa2c8ff6/-/preview/200x200/-/format/auto/",
            "thumbnail": "https://cdn.uc.assets.prezly.com/f2732f3a-73c5-4bc9-813f-c5f5aa2c8ff6/-/preview/100x100/-/format/auto/",
            "square": "https://cdn.uc.assets.prezly.com/f2732f3a-73c5-4bc9-813f-c5f5aa2c8ff6/-/scale_crop/200x200/center/-/format/auto/",
            "squaresmall": "https://cdn.uc.assets.prezly.com/f2732f3a-73c5-4bc9-813f-c5f5aa2c8ff6/-/scale_crop/58x58/center/-/format/auto/"
        },
        {
            "caption": "Zbi\u00f3rka \"Teren\u00f3wki na front\" Exena na Pomagam.pl",
            "original": "https://cdn.uc.assets.prezly.com/c8df4689-9b05-462c-850e-026814a50008/",
            "medium": "https://cdn.uc.assets.prezly.com/c8df4689-9b05-462c-850e-026814a50008/-/preview/500x500/-/format/auto/",
            "small": "https://cdn.uc.assets.prezly.com/c8df4689-9b05-462c-850e-026814a50008/-/preview/200x200/-/format/auto/",
            "thumbnail": "https://cdn.uc.assets.prezly.com/c8df4689-9b05-462c-850e-026814a50008/-/preview/100x100/-/format/auto/",
            "square": "https://cdn.uc.assets.prezly.com/c8df4689-9b05-462c-850e-026814a50008/-/scale_crop/200x200/center/-/format/auto/",
            "squaresmall": "https://cdn.uc.assets.prezly.com/c8df4689-9b05-462c-850e-026814a50008/-/scale_crop/58x58/center/-/format/auto/"
        },
        {
            "caption": "Mateusz Wodzi\u0144ski (Exen) z Rados\u0142awem Sikorskim w Ukrainie podczas misji przekazania teren\u00f3wek. ",
            "original": "https://cdn.uc.assets.prezly.com/10b8302d-bb6a-4e35-82d3-cdc6baa53f8a/",
            "medium": "https://cdn.uc.assets.prezly.com/10b8302d-bb6a-4e35-82d3-cdc6baa53f8a/-/preview/500x500/-/format/auto/",
            "small": "https://cdn.uc.assets.prezly.com/10b8302d-bb6a-4e35-82d3-cdc6baa53f8a/-/preview/200x200/-/format/auto/",
            "thumbnail": "https://cdn.uc.assets.prezly.com/10b8302d-bb6a-4e35-82d3-cdc6baa53f8a/-/preview/100x100/-/format/auto/",
            "square": "https://cdn.uc.assets.prezly.com/10b8302d-bb6a-4e35-82d3-cdc6baa53f8a/-/scale_crop/200x200/center/-/format/auto/",
            "squaresmall": "https://cdn.uc.assets.prezly.com/10b8302d-bb6a-4e35-82d3-cdc6baa53f8a/-/scale_crop/58x58/center/-/format/auto/"
        }
    ],
    "attachments": [
        {
            "description": "",
            "extension": "pdf",
            "url": "https://cdn.uc.assets.prezly.com/6ae035ed-5ba6-46aa-8386-86d701d5a82f/-/inline/no/prezydent-ukrainy-nadal-order-za-zaslugi-mateuszowi-wodzinskiemu-exen-za-akcje-terenowki-na-front-informacja-prasowa.pdf"
        },
        {
            "description": "",
            "extension": "docx",
            "url": "https://cdn.uc.assets.prezly.com/7183fd12-0dd1-409f-8631-b28db58c43ad/-/inline/no/prezydent-ukrainy-nadal-order-za-zaslugi-mateuszowi-wodzinskiemu-exen-za-akcje-terenowki-na-front-informacja-prasowa.docx"
        }
    ],
    "author": {
        "first_name": "Media",
        "last_name": "Pomagam.pl"
    },
    "format_version": 5
}